{"id":1655,"date":"2026-03-02T18:25:56","date_gmt":"2026-03-02T22:25:56","guid":{"rendered":"https:\/\/leste.news\/?p=1655"},"modified":"2026-03-02T18:25:56","modified_gmt":"2026-03-02T22:25:56","slug":"1445-nome-de-virginia-mendes-aparece-em-materia-do-o-globo-como-possivel-candidata-em-2026","status":"publish","type":"post","link":"https:\/\/leste.news\/?p=1655","title":{"rendered":"14:45 &#8211; \n\t\t\t\t\t\t\tNome de Virginia Mendes aparece em mat\u00e9ria do O Globo como poss\u00edvel candidata em 2026"},"content":{"rendered":"<p> <br \/>\n<br \/>14:45 &#8211;<br \/>\n\t\t\t\t\t\t\tNome de Virginia Mendes aparece em mat\u00e9ria do O Globo como poss\u00edvel candidata em 2026<br \/>\n<br \/><br \/>\n<br \/><a href=\"https:\/\/www.olhardireto.com.br\/noticias\/exibir.asp?id=568576&#038;edt=33&#038;noticia=nome-de-virginia-mendes-aparece-em-materia-do-o-globo-como-possivel-candidata-em-2026&#038;edicao=1\">Source link <\/a><\/p>\n","protected":false},"excerpt":{"rendered":"<p>14:45 &#8211; Nome de Virginia Mendes aparece em mat\u00e9ria do O Globo como poss\u00edvel candidata em 2026 Source link<\/p>\n","protected":false},"author":1,"featured_media":1656,"comment_status":"open","ping_status":"open","sticky":false,"template":"","format":"standard","meta":{"footnotes":""},"categories":[1,10,5],"tags":[2502,206,739,2504,2503,713,842,1966,2221],"class_list":["post-1655","post","type-post","status-publish","format-standard","has-post-thumbnail","hentry","category-categorias","category-empresas","category-noticias","tag-aparece","tag-candidata","tag-como","tag-globo","tag-materia","tag-mendes","tag-nome","tag-possivel","tag-virginia"],"yoast_head":"<!-- This site is optimized with the Yoast SEO plugin v23.3 - https:\/\/yoast.com\/wordpress\/plugins\/seo\/ -->\n<title>14:45 -     Nome de Virginia Mendes aparece em mat\u00e9ria do O Globo como poss\u00edvel candidata em 2026 - Leste News<\/title>\n<meta name=\"robots\" content=\"index, follow, max-snippet:-1, max-image-preview:large, max-video-preview:-1\" \/>\n<link rel=\"canonical\" href=\"https:\/\/leste.news\/?p=1655\" \/>\n<meta property=\"og:locale\" content=\"pt_BR\" \/>\n<meta property=\"og:type\" content=\"article\" \/>\n<meta property=\"og:title\" content=\"14:45 -     Nome de Virginia Mendes aparece em mat\u00e9ria do O Globo como poss\u00edvel candidata em 2026 - Leste News\" \/>\n<meta property=\"og:description\" content=\"14:45 &#8211; Nome de Virginia Mendes aparece em mat\u00e9ria do O Globo como poss\u00edvel candidata em 2026 Source link\" \/>\n<meta property=\"og:url\" content=\"https:\/\/leste.news\/?p=1655\" \/>\n<meta property=\"og:site_name\" content=\"Leste News\" \/>\n<meta property=\"article:published_time\" content=\"2026-03-02T22:25:56+00:00\" \/>\n<meta name=\"author\" content=\"Reda\u00e7\u00e3o RPMT\" \/>\n<meta name=\"twitter:card\" content=\"summary_large_image\" \/>\n<meta name=\"twitter:label1\" content=\"Escrito por\" \/>\n\t<meta name=\"twitter:data1\" content=\"Reda\u00e7\u00e3o RPMT\" \/>\n<script type=\"application\/ld+json\" class=\"yoast-schema-graph\">{\"@context\":\"https:\/\/schema.org\",\"@graph\":[{\"@type\":\"Article\",\"@id\":\"https:\/\/leste.news\/?p=1655#article\",\"isPartOf\":{\"@id\":\"https:\/\/leste.news\/?p=1655\"},\"author\":{\"name\":\"Reda\u00e7\u00e3o RPMT\",\"@id\":\"https:\/\/leste.news\/#\/schema\/person\/46c4dccad9263ee567b9684ccbb637ff\"},\"headline\":\"14:45 &#8211; Nome de Virginia Mendes aparece em mat\u00e9ria do O Globo como poss\u00edvel candidata em 2026\",\"datePublished\":\"2026-03-02T22:25:56+00:00\",\"dateModified\":\"2026-03-02T22:25:56+00:00\",\"mainEntityOfPage\":{\"@id\":\"https:\/\/leste.news\/?p=1655\"},\"wordCount\":38,\"commentCount\":0,\"publisher\":{\"@id\":\"https:\/\/leste.news\/#organization\"},\"image\":{\"@id\":\"https:\/\/leste.news\/?p=1655#primaryimage\"},\"thumbnailUrl\":\"https:\/\/leste.news\/wp-content\/uploads\/2026\/03\/1445-Nome-de-Virginia-Mendes-aparece-em-materia-do.asp.jpeg\",\"keywords\":[\"aparece\",\"Candidata\",\"como\",\"Globo\",\"mat\u00e9ria\",\"Mendes\",\"nome\",\"poss\u00edvel\",\"Virginia\"],\"articleSection\":[\"Categorias\",\"Empresas\",\"Not\u00edcias\"],\"inLanguage\":\"pt-BR\",\"potentialAction\":[{\"@type\":\"CommentAction\",\"name\":\"Comment\",\"target\":[\"https:\/\/leste.news\/?p=1655#respond\"]}]},{\"@type\":\"WebPage\",\"@id\":\"https:\/\/leste.news\/?p=1655\",\"url\":\"https:\/\/leste.news\/?p=1655\",\"name\":\"14:45 - Nome de Virginia Mendes aparece em mat\u00e9ria do O Globo como poss\u00edvel candidata em 2026 - Leste News\",\"isPartOf\":{\"@id\":\"https:\/\/leste.news\/#website\"},\"primaryImageOfPage\":{\"@id\":\"https:\/\/leste.news\/?p=1655#primaryimage\"},\"image\":{\"@id\":\"https:\/\/leste.news\/?p=1655#primaryimage\"},\"thumbnailUrl\":\"https:\/\/leste.news\/wp-content\/uploads\/2026\/03\/1445-Nome-de-Virginia-Mendes-aparece-em-materia-do.asp.jpeg\",\"datePublished\":\"2026-03-02T22:25:56+00:00\",\"dateModified\":\"2026-03-02T22:25:56+00:00\",\"breadcrumb\":{\"@id\":\"https:\/\/leste.news\/?p=1655#breadcrumb\"},\"inLanguage\":\"pt-BR\",\"potentialAction\":[{\"@type\":\"ReadAction\",\"target\":[\"https:\/\/leste.news\/?p=1655\"]}]},{\"@type\":\"ImageObject\",\"inLanguage\":\"pt-BR\",\"@id\":\"https:\/\/leste.news\/?p=1655#primaryimage\",\"url\":\"https:\/\/leste.news\/wp-content\/uploads\/2026\/03\/1445-Nome-de-Virginia-Mendes-aparece-em-materia-do.asp.jpeg\",\"contentUrl\":\"https:\/\/leste.news\/wp-content\/uploads\/2026\/03\/1445-Nome-de-Virginia-Mendes-aparece-em-materia-do.asp.jpeg\",\"width\":600,\"height\":359,\"caption\":\"14:45 - Nome de Virginia Mendes aparece em mat\u00e9ria do O Globo como poss\u00edvel candidata em 2026\"},{\"@type\":\"BreadcrumbList\",\"@id\":\"https:\/\/leste.news\/?p=1655#breadcrumb\",\"itemListElement\":[{\"@type\":\"ListItem\",\"position\":1,\"name\":\"In\u00edcio\",\"item\":\"https:\/\/leste.news\/\"},{\"@type\":\"ListItem\",\"position\":2,\"name\":\"14:45 &#8211; Nome de Virginia Mendes aparece em mat\u00e9ria do O Globo como poss\u00edvel candidata em 2026\"}]},{\"@type\":\"WebSite\",\"@id\":\"https:\/\/leste.news\/#website\",\"url\":\"https:\/\/leste.news\/\",\"name\":\"Leste News\",\"description\":\"Seu novo jeito de ver a not\u00edcia!\",\"publisher\":{\"@id\":\"https:\/\/leste.news\/#organization\"},\"potentialAction\":[{\"@type\":\"SearchAction\",\"target\":{\"@type\":\"EntryPoint\",\"urlTemplate\":\"https:\/\/leste.news\/?s={search_term_string}\"},\"query-input\":\"required name=search_term_string\"}],\"inLanguage\":\"pt-BR\"},{\"@type\":\"Organization\",\"@id\":\"https:\/\/leste.news\/#organization\",\"name\":\"Leste News\",\"url\":\"https:\/\/leste.news\/\",\"logo\":{\"@type\":\"ImageObject\",\"inLanguage\":\"pt-BR\",\"@id\":\"https:\/\/leste.news\/#\/schema\/logo\/image\/\",\"url\":\"https:\/\/leste.news\/wp-content\/uploads\/2024\/08\/cropped-logo2.png\",\"contentUrl\":\"https:\/\/leste.news\/wp-content\/uploads\/2024\/08\/cropped-logo2.png\",\"width\":346,\"height\":110,\"caption\":\"Leste News\"},\"image\":{\"@id\":\"https:\/\/leste.news\/#\/schema\/logo\/image\/\"}},{\"@type\":\"Person\",\"@id\":\"https:\/\/leste.news\/#\/schema\/person\/46c4dccad9263ee567b9684ccbb637ff\",\"name\":\"Reda\u00e7\u00e3o RPMT\",\"image\":{\"@type\":\"ImageObject\",\"inLanguage\":\"pt-BR\",\"@id\":\"https:\/\/leste.news\/#\/schema\/person\/image\/\",\"url\":\"https:\/\/secure.gravatar.com\/avatar\/fd3d08d0783c3816a711513bd6f2e3c1?s=96&d=mm&r=g\",\"contentUrl\":\"https:\/\/secure.gravatar.com\/avatar\/fd3d08d0783c3816a711513bd6f2e3c1?s=96&d=mm&r=g\",\"caption\":\"Reda\u00e7\u00e3o RPMT\"},\"sameAs\":[\"https:\/\/leste.news\"],\"url\":\"https:\/\/leste.news\/?author=1\"}]}<\/script>\n<!-- \/ Yoast SEO plugin. -->","yoast_head_json":{"title":"14:45 -     Nome de Virginia Mendes aparece em mat\u00e9ria do O Globo como poss\u00edvel candidata em 2026 - Leste News","robots":{"index":"index","follow":"follow","max-snippet":"max-snippet:-1","max-image-preview":"max-image-preview:large","max-video-preview":"max-video-preview:-1"},"canonical":"https:\/\/leste.news\/?p=1655","og_locale":"pt_BR","og_type":"article","og_title":"14:45 -     Nome de Virginia Mendes aparece em mat\u00e9ria do O Globo como poss\u00edvel candidata em 2026 - Leste News","og_description":"14:45 &#8211; Nome de Virginia Mendes aparece em mat\u00e9ria do O Globo como poss\u00edvel candidata em 2026 Source link","og_url":"https:\/\/leste.news\/?p=1655","og_site_name":"Leste News","article_published_time":"2026-03-02T22:25:56+00:00","author":"Reda\u00e7\u00e3o RPMT","twitter_card":"summary_large_image","twitter_misc":{"Escrito por":"Reda\u00e7\u00e3o RPMT"},"schema":{"@context":"https:\/\/schema.org","@graph":[{"@type":"Article","@id":"https:\/\/leste.news\/?p=1655#article","isPartOf":{"@id":"https:\/\/leste.news\/?p=1655"},"author":{"name":"Reda\u00e7\u00e3o RPMT","@id":"https:\/\/leste.news\/#\/schema\/person\/46c4dccad9263ee567b9684ccbb637ff"},"headline":"14:45 &#8211; Nome de Virginia Mendes aparece em mat\u00e9ria do O Globo como poss\u00edvel candidata em 2026","datePublished":"2026-03-02T22:25:56+00:00","dateModified":"2026-03-02T22:25:56+00:00","mainEntityOfPage":{"@id":"https:\/\/leste.news\/?p=1655"},"wordCount":38,"commentCount":0,"publisher":{"@id":"https:\/\/leste.news\/#organization"},"image":{"@id":"https:\/\/leste.news\/?p=1655#primaryimage"},"thumbnailUrl":"https:\/\/leste.news\/wp-content\/uploads\/2026\/03\/1445-Nome-de-Virginia-Mendes-aparece-em-materia-do.asp.jpeg","keywords":["aparece","Candidata","como","Globo","mat\u00e9ria","Mendes","nome","poss\u00edvel","Virginia"],"articleSection":["Categorias","Empresas","Not\u00edcias"],"inLanguage":"pt-BR","potentialAction":[{"@type":"CommentAction","name":"Comment","target":["https:\/\/leste.news\/?p=1655#respond"]}]},{"@type":"WebPage","@id":"https:\/\/leste.news\/?p=1655","url":"https:\/\/leste.news\/?p=1655","name":"14:45 - Nome de Virginia Mendes aparece em mat\u00e9ria do O Globo como poss\u00edvel candidata em 2026 - Leste News","isPartOf":{"@id":"https:\/\/leste.news\/#website"},"primaryImageOfPage":{"@id":"https:\/\/leste.news\/?p=1655#primaryimage"},"image":{"@id":"https:\/\/leste.news\/?p=1655#primaryimage"},"thumbnailUrl":"https:\/\/leste.news\/wp-content\/uploads\/2026\/03\/1445-Nome-de-Virginia-Mendes-aparece-em-materia-do.asp.jpeg","datePublished":"2026-03-02T22:25:56+00:00","dateModified":"2026-03-02T22:25:56+00:00","breadcrumb":{"@id":"https:\/\/leste.news\/?p=1655#breadcrumb"},"inLanguage":"pt-BR","potentialAction":[{"@type":"ReadAction","target":["https:\/\/leste.news\/?p=1655"]}]},{"@type":"ImageObject","inLanguage":"pt-BR","@id":"https:\/\/leste.news\/?p=1655#primaryimage","url":"https:\/\/leste.news\/wp-content\/uploads\/2026\/03\/1445-Nome-de-Virginia-Mendes-aparece-em-materia-do.asp.jpeg","contentUrl":"https:\/\/leste.news\/wp-content\/uploads\/2026\/03\/1445-Nome-de-Virginia-Mendes-aparece-em-materia-do.asp.jpeg","width":600,"height":359,"caption":"14:45 - Nome de Virginia Mendes aparece em mat\u00e9ria do O Globo como poss\u00edvel candidata em 2026"},{"@type":"BreadcrumbList","@id":"https:\/\/leste.news\/?p=1655#breadcrumb","itemListElement":[{"@type":"ListItem","position":1,"name":"In\u00edcio","item":"https:\/\/leste.news\/"},{"@type":"ListItem","position":2,"name":"14:45 &#8211; Nome de Virginia Mendes aparece em mat\u00e9ria do O Globo como poss\u00edvel candidata em 2026"}]},{"@type":"WebSite","@id":"https:\/\/leste.news\/#website","url":"https:\/\/leste.news\/","name":"Leste News","description":"Seu novo jeito de ver a not\u00edcia!","publisher":{"@id":"https:\/\/leste.news\/#organization"},"potentialAction":[{"@type":"SearchAction","target":{"@type":"EntryPoint","urlTemplate":"https:\/\/leste.news\/?s={search_term_string}"},"query-input":"required name=search_term_string"}],"inLanguage":"pt-BR"},{"@type":"Organization","@id":"https:\/\/leste.news\/#organization","name":"Leste News","url":"https:\/\/leste.news\/","logo":{"@type":"ImageObject","inLanguage":"pt-BR","@id":"https:\/\/leste.news\/#\/schema\/logo\/image\/","url":"https:\/\/leste.news\/wp-content\/uploads\/2024\/08\/cropped-logo2.png","contentUrl":"https:\/\/leste.news\/wp-content\/uploads\/2024\/08\/cropped-logo2.png","width":346,"height":110,"caption":"Leste News"},"image":{"@id":"https:\/\/leste.news\/#\/schema\/logo\/image\/"}},{"@type":"Person","@id":"https:\/\/leste.news\/#\/schema\/person\/46c4dccad9263ee567b9684ccbb637ff","name":"Reda\u00e7\u00e3o RPMT","image":{"@type":"ImageObject","inLanguage":"pt-BR","@id":"https:\/\/leste.news\/#\/schema\/person\/image\/","url":"https:\/\/secure.gravatar.com\/avatar\/fd3d08d0783c3816a711513bd6f2e3c1?s=96&d=mm&r=g","contentUrl":"https:\/\/secure.gravatar.com\/avatar\/fd3d08d0783c3816a711513bd6f2e3c1?s=96&d=mm&r=g","caption":"Reda\u00e7\u00e3o RPMT"},"sameAs":["https:\/\/leste.news"],"url":"https:\/\/leste.news\/?author=1"}]}},"_links":{"self":[{"href":"https:\/\/leste.news\/index.php?rest_route=\/wp\/v2\/posts\/1655"}],"collection":[{"href":"https:\/\/leste.news\/index.php?rest_route=\/wp\/v2\/posts"}],"about":[{"href":"https:\/\/leste.news\/index.php?rest_route=\/wp\/v2\/types\/post"}],"author":[{"embeddable":true,"href":"https:\/\/leste.news\/index.php?rest_route=\/wp\/v2\/users\/1"}],"replies":[{"embeddable":true,"href":"https:\/\/leste.news\/index.php?rest_route=%2Fwp%2Fv2%2Fcomments&post=1655"}],"version-history":[{"count":0,"href":"https:\/\/leste.news\/index.php?rest_route=\/wp\/v2\/posts\/1655\/revisions"}],"wp:featuredmedia":[{"embeddable":true,"href":"https:\/\/leste.news\/index.php?rest_route=\/wp\/v2\/media\/1656"}],"wp:attachment":[{"href":"https:\/\/leste.news\/index.php?rest_route=%2Fwp%2Fv2%2Fmedia&parent=1655"}],"wp:term":[{"taxonomy":"category","embeddable":true,"href":"https:\/\/leste.news\/index.php?rest_route=%2Fwp%2Fv2%2Fcategories&post=1655"},{"taxonomy":"post_tag","embeddable":true,"href":"https:\/\/leste.news\/index.php?rest_route=%2Fwp%2Fv2%2Ftags&post=1655"}],"curies":[{"name":"wp","href":"https:\/\/api.w.org\/{rel}","templated":true}]}}