{"id":1671,"date":"2026-03-10T13:21:29","date_gmt":"2026-03-10T17:21:29","guid":{"rendered":"https:\/\/leste.news\/?p=1671"},"modified":"2026-03-10T13:21:29","modified_gmt":"2026-03-10T17:21:29","slug":"1100-cafe-da-manha-no-pz-ecomall-reune-liderancas-nacionais-para-debater-economia-e-rumos-do-brasil-mauro-mendes-comparece","status":"publish","type":"post","link":"https:\/\/leste.news\/?p=1671","title":{"rendered":"11:00 &#8211; \n\t\t\t\t\t\t\tCaf\u00e9 da manh\u00e3 no PZ Ecomall re\u00fane lideran\u00e7as nacionais para debater economia e rumos do Brasil; Mauro Mendes comparece"},"content":{"rendered":"<p> <br \/>\n<br \/>11:00 &#8211;<br \/>\n\t\t\t\t\t\t\tCaf\u00e9 da manh\u00e3 no PZ Ecomall re\u00fane lideran\u00e7as nacionais para debater economia e rumos do Brasil; Mauro Mendes comparece<br \/>\n<br \/><br \/>\n<br \/><a href=\"https:\/\/www.agroolhar.com.br\/noticias\/exibir.asp?id=30377&#038;edt=1&#038;noticia=cafe-da-manha-no-pz-ecomall-reune-liderancas-nacionais-para-debater-economia-e-rumos-do-brasil-mauro-mendes-comparece\">Source link <\/a><\/p>\n","protected":false},"excerpt":{"rendered":"<p>11:00 &#8211; Caf\u00e9 da manh\u00e3 no PZ Ecomall re\u00fane lideran\u00e7as nacionais para debater economia e rumos do Brasil; Mauro Mendes<\/p>\n","protected":false},"author":1,"featured_media":1672,"comment_status":"open","ping_status":"open","sticky":false,"template":"","format":"standard","meta":{"footnotes":""},"categories":[1,10,5],"tags":[478,2528,2534,2532,2530,96,2531,2529,712,713,1751,46,1905,2533],"class_list":["post-1671","post","type-post","status-publish","format-standard","has-post-thumbnail","hentry","category-categorias","category-empresas","category-noticias","tag-brasil","tag-cafe","tag-comparece","tag-debater","tag-ecomall","tag-economia","tag-liderancas","tag-manha","tag-mauro","tag-mendes","tag-nacionais","tag-para","tag-reune","tag-rumos"],"yoast_head":"<!-- This site is optimized with the Yoast SEO plugin v23.3 - https:\/\/yoast.com\/wordpress\/plugins\/seo\/ -->\n<title>11:00 -     Caf\u00e9 da manh\u00e3 no PZ Ecomall re\u00fane lideran\u00e7as nacionais para debater economia e rumos do Brasil; Mauro Mendes comparece - Leste News<\/title>\n<meta name=\"robots\" content=\"index, follow, max-snippet:-1, max-image-preview:large, max-video-preview:-1\" \/>\n<link rel=\"canonical\" href=\"https:\/\/leste.news\/?p=1671\" \/>\n<meta property=\"og:locale\" content=\"pt_BR\" \/>\n<meta property=\"og:type\" content=\"article\" \/>\n<meta property=\"og:title\" content=\"11:00 -     Caf\u00e9 da manh\u00e3 no PZ Ecomall re\u00fane lideran\u00e7as nacionais para debater economia e rumos do Brasil; Mauro Mendes comparece - Leste News\" \/>\n<meta property=\"og:description\" content=\"11:00 &#8211; Caf\u00e9 da manh\u00e3 no PZ Ecomall re\u00fane lideran\u00e7as nacionais para debater economia e rumos do Brasil; Mauro Mendes\" \/>\n<meta property=\"og:url\" content=\"https:\/\/leste.news\/?p=1671\" \/>\n<meta property=\"og:site_name\" content=\"Leste News\" \/>\n<meta property=\"article:published_time\" content=\"2026-03-10T17:21:29+00:00\" \/>\n<meta name=\"author\" content=\"Reda\u00e7\u00e3o RPMT\" \/>\n<meta name=\"twitter:card\" content=\"summary_large_image\" \/>\n<meta name=\"twitter:label1\" content=\"Escrito por\" \/>\n\t<meta name=\"twitter:data1\" content=\"Reda\u00e7\u00e3o RPMT\" \/>\n<script type=\"application\/ld+json\" class=\"yoast-schema-graph\">{\"@context\":\"https:\/\/schema.org\",\"@graph\":[{\"@type\":\"Article\",\"@id\":\"https:\/\/leste.news\/?p=1671#article\",\"isPartOf\":{\"@id\":\"https:\/\/leste.news\/?p=1671\"},\"author\":{\"name\":\"Reda\u00e7\u00e3o RPMT\",\"@id\":\"https:\/\/leste.news\/#\/schema\/person\/46c4dccad9263ee567b9684ccbb637ff\"},\"headline\":\"11:00 &#8211; Caf\u00e9 da manh\u00e3 no PZ Ecomall re\u00fane lideran\u00e7as nacionais para debater economia e rumos do Brasil; Mauro Mendes comparece\",\"datePublished\":\"2026-03-10T17:21:29+00:00\",\"dateModified\":\"2026-03-10T17:21:29+00:00\",\"mainEntityOfPage\":{\"@id\":\"https:\/\/leste.news\/?p=1671\"},\"wordCount\":48,\"commentCount\":0,\"publisher\":{\"@id\":\"https:\/\/leste.news\/#organization\"},\"image\":{\"@id\":\"https:\/\/leste.news\/?p=1671#primaryimage\"},\"thumbnailUrl\":\"https:\/\/leste.news\/wp-content\/uploads\/2026\/03\/1100-Cafe-da-manha-no-PZ-Ecomall-reune-liderancas.asp.jpeg\",\"keywords\":[\"Brasil\",\"Caf\u00e9\",\"comparece\",\"debater\",\"Ecomall\",\"economia\",\"lideran\u00e7as\",\"manh\u00e3\",\"Mauro\",\"Mendes\",\"nacionais\",\"para\",\"re\u00fane\",\"rumos\"],\"articleSection\":[\"Categorias\",\"Empresas\",\"Not\u00edcias\"],\"inLanguage\":\"pt-BR\",\"potentialAction\":[{\"@type\":\"CommentAction\",\"name\":\"Comment\",\"target\":[\"https:\/\/leste.news\/?p=1671#respond\"]}]},{\"@type\":\"WebPage\",\"@id\":\"https:\/\/leste.news\/?p=1671\",\"url\":\"https:\/\/leste.news\/?p=1671\",\"name\":\"11:00 - Caf\u00e9 da manh\u00e3 no PZ Ecomall re\u00fane lideran\u00e7as nacionais para debater economia e rumos do Brasil; Mauro Mendes comparece - Leste News\",\"isPartOf\":{\"@id\":\"https:\/\/leste.news\/#website\"},\"primaryImageOfPage\":{\"@id\":\"https:\/\/leste.news\/?p=1671#primaryimage\"},\"image\":{\"@id\":\"https:\/\/leste.news\/?p=1671#primaryimage\"},\"thumbnailUrl\":\"https:\/\/leste.news\/wp-content\/uploads\/2026\/03\/1100-Cafe-da-manha-no-PZ-Ecomall-reune-liderancas.asp.jpeg\",\"datePublished\":\"2026-03-10T17:21:29+00:00\",\"dateModified\":\"2026-03-10T17:21:29+00:00\",\"breadcrumb\":{\"@id\":\"https:\/\/leste.news\/?p=1671#breadcrumb\"},\"inLanguage\":\"pt-BR\",\"potentialAction\":[{\"@type\":\"ReadAction\",\"target\":[\"https:\/\/leste.news\/?p=1671\"]}]},{\"@type\":\"ImageObject\",\"inLanguage\":\"pt-BR\",\"@id\":\"https:\/\/leste.news\/?p=1671#primaryimage\",\"url\":\"https:\/\/leste.news\/wp-content\/uploads\/2026\/03\/1100-Cafe-da-manha-no-PZ-Ecomall-reune-liderancas.asp.jpeg\",\"contentUrl\":\"https:\/\/leste.news\/wp-content\/uploads\/2026\/03\/1100-Cafe-da-manha-no-PZ-Ecomall-reune-liderancas.asp.jpeg\",\"width\":600,\"height\":400,\"caption\":\"11:00 - Caf\u00e9 da manh\u00e3 no PZ Ecomall re\u00fane lideran\u00e7as nacionais para debater economia e rumos do Brasil; Mauro Mendes comparece\"},{\"@type\":\"BreadcrumbList\",\"@id\":\"https:\/\/leste.news\/?p=1671#breadcrumb\",\"itemListElement\":[{\"@type\":\"ListItem\",\"position\":1,\"name\":\"In\u00edcio\",\"item\":\"https:\/\/leste.news\/\"},{\"@type\":\"ListItem\",\"position\":2,\"name\":\"11:00 &#8211; Caf\u00e9 da manh\u00e3 no PZ Ecomall re\u00fane lideran\u00e7as nacionais para debater economia e rumos do Brasil; Mauro Mendes comparece\"}]},{\"@type\":\"WebSite\",\"@id\":\"https:\/\/leste.news\/#website\",\"url\":\"https:\/\/leste.news\/\",\"name\":\"Leste News\",\"description\":\"Seu novo jeito de ver a not\u00edcia!\",\"publisher\":{\"@id\":\"https:\/\/leste.news\/#organization\"},\"potentialAction\":[{\"@type\":\"SearchAction\",\"target\":{\"@type\":\"EntryPoint\",\"urlTemplate\":\"https:\/\/leste.news\/?s={search_term_string}\"},\"query-input\":\"required name=search_term_string\"}],\"inLanguage\":\"pt-BR\"},{\"@type\":\"Organization\",\"@id\":\"https:\/\/leste.news\/#organization\",\"name\":\"Leste News\",\"url\":\"https:\/\/leste.news\/\",\"logo\":{\"@type\":\"ImageObject\",\"inLanguage\":\"pt-BR\",\"@id\":\"https:\/\/leste.news\/#\/schema\/logo\/image\/\",\"url\":\"https:\/\/leste.news\/wp-content\/uploads\/2024\/08\/cropped-logo2.png\",\"contentUrl\":\"https:\/\/leste.news\/wp-content\/uploads\/2024\/08\/cropped-logo2.png\",\"width\":346,\"height\":110,\"caption\":\"Leste News\"},\"image\":{\"@id\":\"https:\/\/leste.news\/#\/schema\/logo\/image\/\"}},{\"@type\":\"Person\",\"@id\":\"https:\/\/leste.news\/#\/schema\/person\/46c4dccad9263ee567b9684ccbb637ff\",\"name\":\"Reda\u00e7\u00e3o RPMT\",\"image\":{\"@type\":\"ImageObject\",\"inLanguage\":\"pt-BR\",\"@id\":\"https:\/\/leste.news\/#\/schema\/person\/image\/\",\"url\":\"https:\/\/secure.gravatar.com\/avatar\/fd3d08d0783c3816a711513bd6f2e3c1?s=96&d=mm&r=g\",\"contentUrl\":\"https:\/\/secure.gravatar.com\/avatar\/fd3d08d0783c3816a711513bd6f2e3c1?s=96&d=mm&r=g\",\"caption\":\"Reda\u00e7\u00e3o RPMT\"},\"sameAs\":[\"https:\/\/leste.news\"],\"url\":\"https:\/\/leste.news\/?author=1\"}]}<\/script>\n<!-- \/ Yoast SEO plugin. -->","yoast_head_json":{"title":"11:00 -     Caf\u00e9 da manh\u00e3 no PZ Ecomall re\u00fane lideran\u00e7as nacionais para debater economia e rumos do Brasil; Mauro Mendes comparece - Leste News","robots":{"index":"index","follow":"follow","max-snippet":"max-snippet:-1","max-image-preview":"max-image-preview:large","max-video-preview":"max-video-preview:-1"},"canonical":"https:\/\/leste.news\/?p=1671","og_locale":"pt_BR","og_type":"article","og_title":"11:00 -     Caf\u00e9 da manh\u00e3 no PZ Ecomall re\u00fane lideran\u00e7as nacionais para debater economia e rumos do Brasil; Mauro Mendes comparece - Leste News","og_description":"11:00 &#8211; Caf\u00e9 da manh\u00e3 no PZ Ecomall re\u00fane lideran\u00e7as nacionais para debater economia e rumos do Brasil; Mauro Mendes","og_url":"https:\/\/leste.news\/?p=1671","og_site_name":"Leste News","article_published_time":"2026-03-10T17:21:29+00:00","author":"Reda\u00e7\u00e3o RPMT","twitter_card":"summary_large_image","twitter_misc":{"Escrito por":"Reda\u00e7\u00e3o RPMT"},"schema":{"@context":"https:\/\/schema.org","@graph":[{"@type":"Article","@id":"https:\/\/leste.news\/?p=1671#article","isPartOf":{"@id":"https:\/\/leste.news\/?p=1671"},"author":{"name":"Reda\u00e7\u00e3o RPMT","@id":"https:\/\/leste.news\/#\/schema\/person\/46c4dccad9263ee567b9684ccbb637ff"},"headline":"11:00 &#8211; Caf\u00e9 da manh\u00e3 no PZ Ecomall re\u00fane lideran\u00e7as nacionais para debater economia e rumos do Brasil; Mauro Mendes comparece","datePublished":"2026-03-10T17:21:29+00:00","dateModified":"2026-03-10T17:21:29+00:00","mainEntityOfPage":{"@id":"https:\/\/leste.news\/?p=1671"},"wordCount":48,"commentCount":0,"publisher":{"@id":"https:\/\/leste.news\/#organization"},"image":{"@id":"https:\/\/leste.news\/?p=1671#primaryimage"},"thumbnailUrl":"https:\/\/leste.news\/wp-content\/uploads\/2026\/03\/1100-Cafe-da-manha-no-PZ-Ecomall-reune-liderancas.asp.jpeg","keywords":["Brasil","Caf\u00e9","comparece","debater","Ecomall","economia","lideran\u00e7as","manh\u00e3","Mauro","Mendes","nacionais","para","re\u00fane","rumos"],"articleSection":["Categorias","Empresas","Not\u00edcias"],"inLanguage":"pt-BR","potentialAction":[{"@type":"CommentAction","name":"Comment","target":["https:\/\/leste.news\/?p=1671#respond"]}]},{"@type":"WebPage","@id":"https:\/\/leste.news\/?p=1671","url":"https:\/\/leste.news\/?p=1671","name":"11:00 - Caf\u00e9 da manh\u00e3 no PZ Ecomall re\u00fane lideran\u00e7as nacionais para debater economia e rumos do Brasil; Mauro Mendes comparece - Leste News","isPartOf":{"@id":"https:\/\/leste.news\/#website"},"primaryImageOfPage":{"@id":"https:\/\/leste.news\/?p=1671#primaryimage"},"image":{"@id":"https:\/\/leste.news\/?p=1671#primaryimage"},"thumbnailUrl":"https:\/\/leste.news\/wp-content\/uploads\/2026\/03\/1100-Cafe-da-manha-no-PZ-Ecomall-reune-liderancas.asp.jpeg","datePublished":"2026-03-10T17:21:29+00:00","dateModified":"2026-03-10T17:21:29+00:00","breadcrumb":{"@id":"https:\/\/leste.news\/?p=1671#breadcrumb"},"inLanguage":"pt-BR","potentialAction":[{"@type":"ReadAction","target":["https:\/\/leste.news\/?p=1671"]}]},{"@type":"ImageObject","inLanguage":"pt-BR","@id":"https:\/\/leste.news\/?p=1671#primaryimage","url":"https:\/\/leste.news\/wp-content\/uploads\/2026\/03\/1100-Cafe-da-manha-no-PZ-Ecomall-reune-liderancas.asp.jpeg","contentUrl":"https:\/\/leste.news\/wp-content\/uploads\/2026\/03\/1100-Cafe-da-manha-no-PZ-Ecomall-reune-liderancas.asp.jpeg","width":600,"height":400,"caption":"11:00 - Caf\u00e9 da manh\u00e3 no PZ Ecomall re\u00fane lideran\u00e7as nacionais para debater economia e rumos do Brasil; Mauro Mendes comparece"},{"@type":"BreadcrumbList","@id":"https:\/\/leste.news\/?p=1671#breadcrumb","itemListElement":[{"@type":"ListItem","position":1,"name":"In\u00edcio","item":"https:\/\/leste.news\/"},{"@type":"ListItem","position":2,"name":"11:00 &#8211; Caf\u00e9 da manh\u00e3 no PZ Ecomall re\u00fane lideran\u00e7as nacionais para debater economia e rumos do Brasil; Mauro Mendes comparece"}]},{"@type":"WebSite","@id":"https:\/\/leste.news\/#website","url":"https:\/\/leste.news\/","name":"Leste News","description":"Seu novo jeito de ver a not\u00edcia!","publisher":{"@id":"https:\/\/leste.news\/#organization"},"potentialAction":[{"@type":"SearchAction","target":{"@type":"EntryPoint","urlTemplate":"https:\/\/leste.news\/?s={search_term_string}"},"query-input":"required name=search_term_string"}],"inLanguage":"pt-BR"},{"@type":"Organization","@id":"https:\/\/leste.news\/#organization","name":"Leste News","url":"https:\/\/leste.news\/","logo":{"@type":"ImageObject","inLanguage":"pt-BR","@id":"https:\/\/leste.news\/#\/schema\/logo\/image\/","url":"https:\/\/leste.news\/wp-content\/uploads\/2024\/08\/cropped-logo2.png","contentUrl":"https:\/\/leste.news\/wp-content\/uploads\/2024\/08\/cropped-logo2.png","width":346,"height":110,"caption":"Leste News"},"image":{"@id":"https:\/\/leste.news\/#\/schema\/logo\/image\/"}},{"@type":"Person","@id":"https:\/\/leste.news\/#\/schema\/person\/46c4dccad9263ee567b9684ccbb637ff","name":"Reda\u00e7\u00e3o RPMT","image":{"@type":"ImageObject","inLanguage":"pt-BR","@id":"https:\/\/leste.news\/#\/schema\/person\/image\/","url":"https:\/\/secure.gravatar.com\/avatar\/fd3d08d0783c3816a711513bd6f2e3c1?s=96&d=mm&r=g","contentUrl":"https:\/\/secure.gravatar.com\/avatar\/fd3d08d0783c3816a711513bd6f2e3c1?s=96&d=mm&r=g","caption":"Reda\u00e7\u00e3o RPMT"},"sameAs":["https:\/\/leste.news"],"url":"https:\/\/leste.news\/?author=1"}]}},"_links":{"self":[{"href":"https:\/\/leste.news\/index.php?rest_route=\/wp\/v2\/posts\/1671"}],"collection":[{"href":"https:\/\/leste.news\/index.php?rest_route=\/wp\/v2\/posts"}],"about":[{"href":"https:\/\/leste.news\/index.php?rest_route=\/wp\/v2\/types\/post"}],"author":[{"embeddable":true,"href":"https:\/\/leste.news\/index.php?rest_route=\/wp\/v2\/users\/1"}],"replies":[{"embeddable":true,"href":"https:\/\/leste.news\/index.php?rest_route=%2Fwp%2Fv2%2Fcomments&post=1671"}],"version-history":[{"count":0,"href":"https:\/\/leste.news\/index.php?rest_route=\/wp\/v2\/posts\/1671\/revisions"}],"wp:featuredmedia":[{"embeddable":true,"href":"https:\/\/leste.news\/index.php?rest_route=\/wp\/v2\/media\/1672"}],"wp:attachment":[{"href":"https:\/\/leste.news\/index.php?rest_route=%2Fwp%2Fv2%2Fmedia&parent=1671"}],"wp:term":[{"taxonomy":"category","embeddable":true,"href":"https:\/\/leste.news\/index.php?rest_route=%2Fwp%2Fv2%2Fcategories&post=1671"},{"taxonomy":"post_tag","embeddable":true,"href":"https:\/\/leste.news\/index.php?rest_route=%2Fwp%2Fv2%2Ftags&post=1671"}],"curies":[{"name":"wp","href":"https:\/\/api.w.org\/{rel}","templated":true}]}}