{"id":1753,"date":"2026-04-28T18:35:09","date_gmt":"2026-04-28T22:35:09","guid":{"rendered":"https:\/\/leste.news\/?p=1753"},"modified":"2026-04-28T18:35:09","modified_gmt":"2026-04-28T22:35:09","slug":"policia-civil-prende-homem-suspeito-de-matar-outro-em-bar-em-lucas-do-rio-verde","status":"publish","type":"post","link":"https:\/\/leste.news\/?p=1753","title":{"rendered":"Pol\u00edcia Civil prende homem suspeito de matar outro em bar em Lucas do Rio Verde"},"content":{"rendered":"<p> <br \/>\n<\/p>\n<div id=\"infocoweb_corpo\">\n<p style=\"text-align: justify\">A Pol\u00edcia Civil realizou a pris\u00e3o de um homem, de 28 anos, suspeito de homic\u00eddio ocorrido nessa sexta-feira (17.4), em Lucas do Rio Verde. A v\u00edtima foi identificada como Jo\u00e3o Paulo Ramos Alves Batista, de 21 anos.<\/p>\n<p style=\"text-align: justify\">Conforme a delegada de Roubos e Furtos (Derf) de Lucas do Rio Verde, respons\u00e1vel pela condu\u00e7\u00e3o das investiga\u00e7\u00f5es, Paula Moreira, o homic\u00eddio teria sido praticado por motivo f\u00fatil. \u201cNas dilig\u00eancias, nossa equipe verificou que o suspeito teria sido advertido pela v\u00edtima, o que n\u00e3o teria sido aceito. Em seguida, ele sacou uma arma e efetuou disparos contra a v\u00edtima\u201d, explicou a delegada.<\/p>\n<p style=\"text-align: justify\">O suspeito foi detido no bairro Bandeirantes, ap\u00f3s dilig\u00eancias ininterruptas realizadas pelas equipes policiais da Derf de Lucas do Rio Verde.<\/p>\n<p style=\"text-align: justify\">Por meio de t\u00e9cnicas investigativas, os policiais chegaram at\u00e9 a resid\u00eancia onde o suspeito se encontrava. No local, foi apreendida uma pistola, al\u00e9m de uma quantidade de subst\u00e2ncia entorpecente an\u00e1loga \u00e0 maconha.<\/p>\n<p style=\"text-align: justify\">Diante dos fatos, o suspeito foi conduzido, em flagrante, at\u00e9 a delegacia, onde foram realizados os procedimentos legais cab\u00edveis. O material apreendido foi submetido \u00e0 cadeia de cust\u00f3dia e, posteriormente, vinculado ao inqu\u00e9rito policial que apura o caso.<\/p>\n<p style=\"text-align: justify\">De acordo com a delegada, o suspeito dever\u00e1 responder por homic\u00eddio qualificado, em raz\u00e3o de motivo f\u00fatil e mediante recurso que dificultou a defesa da v\u00edtima, conforme previsto no art. 121, \u00a7 2\u00ba, incisos II e IV, do C\u00f3digo Penal.<\/p>\n<p id=\"infocoweb_fonte\" class=\"infocoweb_fonte\">Fonte: Governo MT \u2013 MT<\/p>\n<\/div>\n<p><script async defer crossorigin=\"anonymous\" src=\"https:\/\/connect.facebook.net\/pt_BR\/sdk.js#xfbml=1&#038;version=v21.0&#038;appId=&#038;autoLogAppEvents=1\"><\/script><br \/>\n<br \/><br \/>\n<br \/><a href=\"https:\/\/paranatinganews.com.br\/policia-civil-prende-homem-suspeito-de-matar-outro-em-bar-em-lucas-do-rio-verde-2\/\">Source link <\/a><\/p>\n","protected":false},"excerpt":{"rendered":"<p>A Pol\u00edcia Civil realizou a pris\u00e3o de um homem, de 28 anos, suspeito de homic\u00eddio ocorrido nessa sexta-feira (17.4), em<\/p>\n","protected":false},"author":1,"featured_media":1754,"comment_status":"open","ping_status":"open","sticky":false,"template":"","format":"standard","meta":{"footnotes":""},"categories":[1,10,5],"tags":[204,57,165,1422,164,200,173,326,1018,843,1423],"class_list":["post-1753","post","type-post","status-publish","format-standard","has-post-thumbnail","hentry","category-categorias","category-empresas","category-noticias","tag-bar","tag-civil","tag-homem","tag-lucas","tag-matar","tag-outro","tag-policia","tag-prende","tag-rio","tag-suspeito","tag-verde"],"yoast_head":"<!-- This site is optimized with the Yoast SEO plugin v23.3 - https:\/\/yoast.com\/wordpress\/plugins\/seo\/ -->\n<title>Pol\u00edcia Civil prende homem suspeito de matar outro em bar em Lucas do Rio Verde - Leste News<\/title>\n<meta name=\"robots\" content=\"index, follow, max-snippet:-1, max-image-preview:large, max-video-preview:-1\" \/>\n<link rel=\"canonical\" href=\"https:\/\/leste.news\/?p=1753\" \/>\n<meta property=\"og:locale\" content=\"pt_BR\" \/>\n<meta property=\"og:type\" content=\"article\" \/>\n<meta property=\"og:title\" content=\"Pol\u00edcia Civil prende homem suspeito de matar outro em bar em Lucas do Rio Verde - Leste News\" \/>\n<meta property=\"og:description\" content=\"A Pol\u00edcia Civil realizou a pris\u00e3o de um homem, de 28 anos, suspeito de homic\u00eddio ocorrido nessa sexta-feira (17.4), em\" \/>\n<meta property=\"og:url\" content=\"https:\/\/leste.news\/?p=1753\" \/>\n<meta property=\"og:site_name\" content=\"Leste News\" \/>\n<meta property=\"article:published_time\" content=\"2026-04-28T22:35:09+00:00\" \/>\n<meta name=\"author\" content=\"Reda\u00e7\u00e3o RPMT\" \/>\n<meta name=\"twitter:card\" content=\"summary_large_image\" \/>\n<meta name=\"twitter:label1\" content=\"Escrito por\" \/>\n\t<meta name=\"twitter:data1\" content=\"Reda\u00e7\u00e3o RPMT\" \/>\n\t<meta name=\"twitter:label2\" content=\"Est. tempo de leitura\" \/>\n\t<meta name=\"twitter:data2\" content=\"1 minuto\" \/>\n<script type=\"application\/ld+json\" class=\"yoast-schema-graph\">{\"@context\":\"https:\/\/schema.org\",\"@graph\":[{\"@type\":\"Article\",\"@id\":\"https:\/\/leste.news\/?p=1753#article\",\"isPartOf\":{\"@id\":\"https:\/\/leste.news\/?p=1753\"},\"author\":{\"name\":\"Reda\u00e7\u00e3o RPMT\",\"@id\":\"https:\/\/leste.news\/#\/schema\/person\/46c4dccad9263ee567b9684ccbb637ff\"},\"headline\":\"Pol\u00edcia Civil prende homem suspeito de matar outro em bar em Lucas do Rio Verde\",\"datePublished\":\"2026-04-28T22:35:09+00:00\",\"dateModified\":\"2026-04-28T22:35:09+00:00\",\"mainEntityOfPage\":{\"@id\":\"https:\/\/leste.news\/?p=1753\"},\"wordCount\":275,\"commentCount\":0,\"publisher\":{\"@id\":\"https:\/\/leste.news\/#organization\"},\"image\":{\"@id\":\"https:\/\/leste.news\/?p=1753#primaryimage\"},\"thumbnailUrl\":\"https:\/\/leste.news\/wp-content\/uploads\/2026\/04\/Policia-Civil-prende-homem-suspeito-de-matar-outro-em-bar.jpeg\",\"keywords\":[\"bar\",\"Civil\",\"homem\",\"Lucas\",\"matar\",\"outro\",\"pol\u00edcia\",\"prende\",\"Rio\",\"suspeito\",\"Verde\"],\"articleSection\":[\"Categorias\",\"Empresas\",\"Not\u00edcias\"],\"inLanguage\":\"pt-BR\",\"potentialAction\":[{\"@type\":\"CommentAction\",\"name\":\"Comment\",\"target\":[\"https:\/\/leste.news\/?p=1753#respond\"]}]},{\"@type\":\"WebPage\",\"@id\":\"https:\/\/leste.news\/?p=1753\",\"url\":\"https:\/\/leste.news\/?p=1753\",\"name\":\"Pol\u00edcia Civil prende homem suspeito de matar outro em bar em Lucas do Rio Verde - Leste News\",\"isPartOf\":{\"@id\":\"https:\/\/leste.news\/#website\"},\"primaryImageOfPage\":{\"@id\":\"https:\/\/leste.news\/?p=1753#primaryimage\"},\"image\":{\"@id\":\"https:\/\/leste.news\/?p=1753#primaryimage\"},\"thumbnailUrl\":\"https:\/\/leste.news\/wp-content\/uploads\/2026\/04\/Policia-Civil-prende-homem-suspeito-de-matar-outro-em-bar.jpeg\",\"datePublished\":\"2026-04-28T22:35:09+00:00\",\"dateModified\":\"2026-04-28T22:35:09+00:00\",\"breadcrumb\":{\"@id\":\"https:\/\/leste.news\/?p=1753#breadcrumb\"},\"inLanguage\":\"pt-BR\",\"potentialAction\":[{\"@type\":\"ReadAction\",\"target\":[\"https:\/\/leste.news\/?p=1753\"]}]},{\"@type\":\"ImageObject\",\"inLanguage\":\"pt-BR\",\"@id\":\"https:\/\/leste.news\/?p=1753#primaryimage\",\"url\":\"https:\/\/leste.news\/wp-content\/uploads\/2026\/04\/Policia-Civil-prende-homem-suspeito-de-matar-outro-em-bar.jpeg\",\"contentUrl\":\"https:\/\/leste.news\/wp-content\/uploads\/2026\/04\/Policia-Civil-prende-homem-suspeito-de-matar-outro-em-bar.jpeg\",\"width\":1024,\"height\":587,\"caption\":\"Pol\u00edcia Civil prende homem suspeito de matar outro em bar em Lucas do Rio Verde\"},{\"@type\":\"BreadcrumbList\",\"@id\":\"https:\/\/leste.news\/?p=1753#breadcrumb\",\"itemListElement\":[{\"@type\":\"ListItem\",\"position\":1,\"name\":\"In\u00edcio\",\"item\":\"https:\/\/leste.news\/\"},{\"@type\":\"ListItem\",\"position\":2,\"name\":\"Pol\u00edcia Civil prende homem suspeito de matar outro em bar em Lucas do Rio Verde\"}]},{\"@type\":\"WebSite\",\"@id\":\"https:\/\/leste.news\/#website\",\"url\":\"https:\/\/leste.news\/\",\"name\":\"Leste News\",\"description\":\"Seu novo jeito de ver a not\u00edcia!\",\"publisher\":{\"@id\":\"https:\/\/leste.news\/#organization\"},\"potentialAction\":[{\"@type\":\"SearchAction\",\"target\":{\"@type\":\"EntryPoint\",\"urlTemplate\":\"https:\/\/leste.news\/?s={search_term_string}\"},\"query-input\":\"required name=search_term_string\"}],\"inLanguage\":\"pt-BR\"},{\"@type\":\"Organization\",\"@id\":\"https:\/\/leste.news\/#organization\",\"name\":\"Leste News\",\"url\":\"https:\/\/leste.news\/\",\"logo\":{\"@type\":\"ImageObject\",\"inLanguage\":\"pt-BR\",\"@id\":\"https:\/\/leste.news\/#\/schema\/logo\/image\/\",\"url\":\"https:\/\/leste.news\/wp-content\/uploads\/2024\/08\/cropped-logo2.png\",\"contentUrl\":\"https:\/\/leste.news\/wp-content\/uploads\/2024\/08\/cropped-logo2.png\",\"width\":346,\"height\":110,\"caption\":\"Leste News\"},\"image\":{\"@id\":\"https:\/\/leste.news\/#\/schema\/logo\/image\/\"}},{\"@type\":\"Person\",\"@id\":\"https:\/\/leste.news\/#\/schema\/person\/46c4dccad9263ee567b9684ccbb637ff\",\"name\":\"Reda\u00e7\u00e3o RPMT\",\"image\":{\"@type\":\"ImageObject\",\"inLanguage\":\"pt-BR\",\"@id\":\"https:\/\/leste.news\/#\/schema\/person\/image\/\",\"url\":\"https:\/\/secure.gravatar.com\/avatar\/fd3d08d0783c3816a711513bd6f2e3c1?s=96&d=mm&r=g\",\"contentUrl\":\"https:\/\/secure.gravatar.com\/avatar\/fd3d08d0783c3816a711513bd6f2e3c1?s=96&d=mm&r=g\",\"caption\":\"Reda\u00e7\u00e3o RPMT\"},\"sameAs\":[\"https:\/\/leste.news\"],\"url\":\"https:\/\/leste.news\/?author=1\"}]}<\/script>\n<!-- \/ Yoast SEO plugin. -->","yoast_head_json":{"title":"Pol\u00edcia Civil prende homem suspeito de matar outro em bar em Lucas do Rio Verde - Leste News","robots":{"index":"index","follow":"follow","max-snippet":"max-snippet:-1","max-image-preview":"max-image-preview:large","max-video-preview":"max-video-preview:-1"},"canonical":"https:\/\/leste.news\/?p=1753","og_locale":"pt_BR","og_type":"article","og_title":"Pol\u00edcia Civil prende homem suspeito de matar outro em bar em Lucas do Rio Verde - Leste News","og_description":"A Pol\u00edcia Civil realizou a pris\u00e3o de um homem, de 28 anos, suspeito de homic\u00eddio ocorrido nessa sexta-feira (17.4), em","og_url":"https:\/\/leste.news\/?p=1753","og_site_name":"Leste News","article_published_time":"2026-04-28T22:35:09+00:00","author":"Reda\u00e7\u00e3o RPMT","twitter_card":"summary_large_image","twitter_misc":{"Escrito por":"Reda\u00e7\u00e3o RPMT","Est. tempo de leitura":"1 minuto"},"schema":{"@context":"https:\/\/schema.org","@graph":[{"@type":"Article","@id":"https:\/\/leste.news\/?p=1753#article","isPartOf":{"@id":"https:\/\/leste.news\/?p=1753"},"author":{"name":"Reda\u00e7\u00e3o RPMT","@id":"https:\/\/leste.news\/#\/schema\/person\/46c4dccad9263ee567b9684ccbb637ff"},"headline":"Pol\u00edcia Civil prende homem suspeito de matar outro em bar em Lucas do Rio Verde","datePublished":"2026-04-28T22:35:09+00:00","dateModified":"2026-04-28T22:35:09+00:00","mainEntityOfPage":{"@id":"https:\/\/leste.news\/?p=1753"},"wordCount":275,"commentCount":0,"publisher":{"@id":"https:\/\/leste.news\/#organization"},"image":{"@id":"https:\/\/leste.news\/?p=1753#primaryimage"},"thumbnailUrl":"https:\/\/leste.news\/wp-content\/uploads\/2026\/04\/Policia-Civil-prende-homem-suspeito-de-matar-outro-em-bar.jpeg","keywords":["bar","Civil","homem","Lucas","matar","outro","pol\u00edcia","prende","Rio","suspeito","Verde"],"articleSection":["Categorias","Empresas","Not\u00edcias"],"inLanguage":"pt-BR","potentialAction":[{"@type":"CommentAction","name":"Comment","target":["https:\/\/leste.news\/?p=1753#respond"]}]},{"@type":"WebPage","@id":"https:\/\/leste.news\/?p=1753","url":"https:\/\/leste.news\/?p=1753","name":"Pol\u00edcia Civil prende homem suspeito de matar outro em bar em Lucas do Rio Verde - Leste News","isPartOf":{"@id":"https:\/\/leste.news\/#website"},"primaryImageOfPage":{"@id":"https:\/\/leste.news\/?p=1753#primaryimage"},"image":{"@id":"https:\/\/leste.news\/?p=1753#primaryimage"},"thumbnailUrl":"https:\/\/leste.news\/wp-content\/uploads\/2026\/04\/Policia-Civil-prende-homem-suspeito-de-matar-outro-em-bar.jpeg","datePublished":"2026-04-28T22:35:09+00:00","dateModified":"2026-04-28T22:35:09+00:00","breadcrumb":{"@id":"https:\/\/leste.news\/?p=1753#breadcrumb"},"inLanguage":"pt-BR","potentialAction":[{"@type":"ReadAction","target":["https:\/\/leste.news\/?p=1753"]}]},{"@type":"ImageObject","inLanguage":"pt-BR","@id":"https:\/\/leste.news\/?p=1753#primaryimage","url":"https:\/\/leste.news\/wp-content\/uploads\/2026\/04\/Policia-Civil-prende-homem-suspeito-de-matar-outro-em-bar.jpeg","contentUrl":"https:\/\/leste.news\/wp-content\/uploads\/2026\/04\/Policia-Civil-prende-homem-suspeito-de-matar-outro-em-bar.jpeg","width":1024,"height":587,"caption":"Pol\u00edcia Civil prende homem suspeito de matar outro em bar em Lucas do Rio Verde"},{"@type":"BreadcrumbList","@id":"https:\/\/leste.news\/?p=1753#breadcrumb","itemListElement":[{"@type":"ListItem","position":1,"name":"In\u00edcio","item":"https:\/\/leste.news\/"},{"@type":"ListItem","position":2,"name":"Pol\u00edcia Civil prende homem suspeito de matar outro em bar em Lucas do Rio Verde"}]},{"@type":"WebSite","@id":"https:\/\/leste.news\/#website","url":"https:\/\/leste.news\/","name":"Leste News","description":"Seu novo jeito de ver a not\u00edcia!","publisher":{"@id":"https:\/\/leste.news\/#organization"},"potentialAction":[{"@type":"SearchAction","target":{"@type":"EntryPoint","urlTemplate":"https:\/\/leste.news\/?s={search_term_string}"},"query-input":"required name=search_term_string"}],"inLanguage":"pt-BR"},{"@type":"Organization","@id":"https:\/\/leste.news\/#organization","name":"Leste News","url":"https:\/\/leste.news\/","logo":{"@type":"ImageObject","inLanguage":"pt-BR","@id":"https:\/\/leste.news\/#\/schema\/logo\/image\/","url":"https:\/\/leste.news\/wp-content\/uploads\/2024\/08\/cropped-logo2.png","contentUrl":"https:\/\/leste.news\/wp-content\/uploads\/2024\/08\/cropped-logo2.png","width":346,"height":110,"caption":"Leste News"},"image":{"@id":"https:\/\/leste.news\/#\/schema\/logo\/image\/"}},{"@type":"Person","@id":"https:\/\/leste.news\/#\/schema\/person\/46c4dccad9263ee567b9684ccbb637ff","name":"Reda\u00e7\u00e3o RPMT","image":{"@type":"ImageObject","inLanguage":"pt-BR","@id":"https:\/\/leste.news\/#\/schema\/person\/image\/","url":"https:\/\/secure.gravatar.com\/avatar\/fd3d08d0783c3816a711513bd6f2e3c1?s=96&d=mm&r=g","contentUrl":"https:\/\/secure.gravatar.com\/avatar\/fd3d08d0783c3816a711513bd6f2e3c1?s=96&d=mm&r=g","caption":"Reda\u00e7\u00e3o RPMT"},"sameAs":["https:\/\/leste.news"],"url":"https:\/\/leste.news\/?author=1"}]}},"_links":{"self":[{"href":"https:\/\/leste.news\/index.php?rest_route=\/wp\/v2\/posts\/1753"}],"collection":[{"href":"https:\/\/leste.news\/index.php?rest_route=\/wp\/v2\/posts"}],"about":[{"href":"https:\/\/leste.news\/index.php?rest_route=\/wp\/v2\/types\/post"}],"author":[{"embeddable":true,"href":"https:\/\/leste.news\/index.php?rest_route=\/wp\/v2\/users\/1"}],"replies":[{"embeddable":true,"href":"https:\/\/leste.news\/index.php?rest_route=%2Fwp%2Fv2%2Fcomments&post=1753"}],"version-history":[{"count":0,"href":"https:\/\/leste.news\/index.php?rest_route=\/wp\/v2\/posts\/1753\/revisions"}],"wp:featuredmedia":[{"embeddable":true,"href":"https:\/\/leste.news\/index.php?rest_route=\/wp\/v2\/media\/1754"}],"wp:attachment":[{"href":"https:\/\/leste.news\/index.php?rest_route=%2Fwp%2Fv2%2Fmedia&parent=1753"}],"wp:term":[{"taxonomy":"category","embeddable":true,"href":"https:\/\/leste.news\/index.php?rest_route=%2Fwp%2Fv2%2Fcategories&post=1753"},{"taxonomy":"post_tag","embeddable":true,"href":"https:\/\/leste.news\/index.php?rest_route=%2Fwp%2Fv2%2Ftags&post=1753"}],"curies":[{"name":"wp","href":"https:\/\/api.w.org\/{rel}","templated":true}]}}